{"id":134,"date":"2020-10-23T15:19:25","date_gmt":"2020-10-23T15:19:25","guid":{"rendered":"http:\/\/mapakobiety.pl\/?p=134"},"modified":"2020-10-23T15:40:06","modified_gmt":"2020-10-23T15:40:06","slug":"pieklo-kobiet","status":"publish","type":"post","link":"https:\/\/mapakobiety.pl\/index.php\/2020\/10\/23\/pieklo-kobiet\/","title":{"rendered":"Piek\u0142o Kobiet"},"content":{"rendered":"\n<p>Le\u017c\u0119 w \u0142\u00f3\u017cku, powalona wirusem, jakim\u015b, bo przecie\u017c sami nie wiemy jakim, testy nam tego nie m\u00f3wi\u0105. W dupie z wirusem! Jak\u0105 ja dzisiaj czuj\u0119 bezsilno\u015b\u0107 wobec mojego kraju i tego co si\u0119 dzieje pod p\u0142aszczem tej rozdmuchanej ba\u0144ki covidowej. <\/p>\n\n\n\n<p>Nie tylko bezsilno\u015b\u0107, ale i wstyd, \u017ce w dobie zasianego strachu, paniki, niepewno\u015bci o jutro, zamykanych biznes\u00f3w, redukcji etat\u00f3w, szrz\u0105cej si\u0119 depresji w\u015br\u00f3d dzieci, m\u0142odzie\u017cy, przemocy w rodzinach, nasz trybuna\u0142 konstutucyjny ma czelno\u015b\u0107 wsadza\u0107 \u0142apy w ustaw\u0119, kt\u00f3ra by\u0142a \u015bwi\u0119ta! Trybuna\u0142 konstytucyjny &#8211; brzmi godnie, donio\u015ble, dumnie, a tymczasem z mojego punktu widzenia banda starych dewot, oderwanych od rzeczywisto\u015bci \u0142ysych dewiant\u00f3w, kt\u00f3rzy nie maja poj\u0119cia co to znaczy wychowywa\u0107 niepe\u0142nosprawne dziecko! Ja mam to szcz\u0119\u015bcie, \u017ce moje jest zdrowe, \u017ce moje badania prenatalne wykaza\u0142y w pe\u0142ni zdrowy p\u0142\u00f3d i nawet nie mog\u0119 sobie wyobrazi\u0107 jak b\u0119dzie si\u0119 czu\u0107 kobieta, kt\u00f3ra dowie si\u0119, \u017ce jej dziecko urodzi si\u0119 z tak\u0105 b\u0105d\u017a inn\u0105 wad\u0105 i nie b\u0119dzie mog\u0142a podj\u0105\u0107 decyzji czy dokona aborcji czy urodzi. Nie mie\u015bci mi si\u0119 to w g\u0142owie, \u017ce debile &#8222;katolickie&#8221; chroni\u0105 \u017cycie &#8211; p\u0142\u00f3d, kt\u00f3ry skarze matk\u0119 i ojca na szereg wyrzecze\u0144, \u017cycie w ub\u00f3stwie, brak pomocy od pa\u0144stwa. Czy to nie sam Du(p)da, prezydent dupa obiecywa\u0142 poprawienie sytuacji niepe\u0142nosprawnych dzieci? Jak Du(p)da naobiecuje to potem g\u00f3wno musi robi\u0107, prezydencki sto\u0142ek zdobyty, a teraz chowa si\u0119 przed Covidem i znowu jest marionetk\u0105 Jarusia. Prezydent wszystkich obywateli! hahaha<\/p>\n\n\n\n<p>Krzycze\u0107 mi si\u0119 chce w jakim kraju przysta\u0142o nam \u017cy\u0107, z jak\u0105 \u015bwiadomo\u015bci\u0105 musimy si\u0119 budzi\u0107, my kobiety, \u017ce rz\u0105dz\u0105 nami bezm\u00f3zgowe, odcz\u0142owieczone pacany, kt\u00f3re nigdy nie powinny doj\u015b\u0107 do w\u0142adzy. Ka\u017cdy z nich, szczeg\u00f3lnie ten zasiadaj\u0105cy w \u0142awach trybuna\u0142u powinien dosta\u0107 pod opiek\u0119 niepe\u0142nosprawne dziecko, chocia\u017cby na miesi\u0105c. Ale nie z pensyjk\u0105 trybunalsk\u0105, a zapomog\u0105 od pa\u0144stwa. Niech poczuje jak to jest, cho\u0107 przez chwil\u0119, niech postawi si\u0119 w butach cho\u0107 jednego obywatela, a nie realizuje swoje \u015bwiat\u0142e pogl\u0105dy pa\u0144stwa chrze\u015bcija\u0144skiego.<\/p>\n\n\n\n<p>Niezale\u017cnie kim jeste\u015b debilu z trybuna\u0142u, wstyd\u017a si\u0119, \u017ce nie u\u017cywasz m\u00f3zgu i jeste\u015b tak samo sterowalny jak nasz beznadziejny prezydent pisior! Karma wraca, B\u00f3g nie rychliwy, a sprawiedliwy! I nie wycieraj sobie g\u0119by Bogiem, \u017ce chronisz ludzkie \u017cycie! Nie masz poj\u0119cia co to B\u00f3g, co to wiara, a napewno nie wiesz co to znaczy mie\u0107 niepe\u0142nosprawne dziecko!<\/p>\n\n\n\n<p>We mnie wrze, miks emocji, z\u0142o\u015b\u0107, wstyd, agresja, kobiety, \u0142\u0105czmy si\u0119, zjednoczmy, musimy dzia\u0142a\u0107, bo za chwil\u0119 damy przyzwolenie na przemoc! Zr\u00f3bmy co\u015b! A mo\u017ce zrobimy program w telewizji publicznej, w stylu &#8222;damy i wie\u015bniaczki&#8221;, tylko <strong>zdrowi i niepe\u0142nosprawni!<\/strong> Dla wszystkich \u015bwi\u0119tojebliwych debili! Oby Wasze dzieci, wnuki dozna\u0142y tego co wczoraj zrobili\u015bcie!<\/p>\n\n\n\n<p><\/p>\n","protected":false},"excerpt":{"rendered":"<p>Le\u017c\u0119 w \u0142\u00f3\u017cku, powalona wirusem, jakim\u015b, bo przecie\u017c sami nie wiemy jakim, testy nam tego nie m\u00f3wi\u0105. W dupie z wirusem! Jak\u0105 ja dzisiaj czuj\u0119 bezsilno\u015b\u0107 wobec mojego kraju i tego co si\u0119 dzieje pod p\u0142aszczem tej rozdmuchanej ba\u0144ki covidowej. Nie tylko bezsilno\u015b\u0107, ale i wstyd, \u017ce w dobie zasianego strachu, paniki, niepewno\u015bci o jutro, zamykanych biznes\u00f3w, redukcji etat\u00f3w, szrz\u0105cej si\u0119 depresji w\u015br\u00f3d dzieci, m\u0142odzie\u017cy, przemocy w rodzinach, nasz trybuna\u0142 konstutucyjny ma czelno\u015b\u0107 wsadza\u0107 \u0142apy w ustaw\u0119, kt\u00f3ra by\u0142a \u015bwi\u0119ta! Trybuna\u0142 konstytucyjny &#8211; brzmi godnie, donio\u015ble, dumnie, a tymczasem z mojego punktu widzenia banda starych dewot, oderwanych od rzeczywisto\u015bci \u0142ysych dewiant\u00f3w, kt\u00f3rzy nie maja poj\u0119cia co to znaczy wychowywa\u0107 niepe\u0142nosprawne dziecko! Ja mam to szcz\u0119\u015bcie, \u017ce moje jest zdrowe, \u017ce moje badania prenatalne wykaza\u0142y w pe\u0142ni zdrowy p\u0142\u00f3d i nawet nie mog\u0119 sobie wyobrazi\u0107 jak b\u0119dzie si\u0119 czu\u0107 kobieta, kt\u00f3ra dowie si\u0119, \u017ce jej dziecko urodzi si\u0119 z tak\u0105 b\u0105d\u017a inn\u0105 wad\u0105 i nie b\u0119dzie mog\u0142a podj\u0105\u0107 decyzji czy dokona aborcji czy urodzi. Nie mie\u015bci mi si\u0119 to w g\u0142owie, \u017ce debile &#8222;katolickie&#8221; chroni\u0105 \u017cycie &#8211; p\u0142\u00f3d, kt\u00f3ry skarze matk\u0119 i ojca na szereg wyrzecze\u0144, \u017cycie w ub\u00f3stwie, brak pomocy od pa\u0144stwa. Czy to nie sam Du(p)da, prezydent dupa obiecywa\u0142 poprawienie sytuacji niepe\u0142nosprawnych dzieci? Jak Du(p)da naobiecuje to potem g\u00f3wno musi robi\u0107, prezydencki sto\u0142ek zdobyty, a teraz chowa si\u0119 przed Covidem i znowu jest marionetk\u0105 Jarusia. Prezydent wszystkich obywateli! hahaha Krzycze\u0107 mi si\u0119 chce w jakim kraju przysta\u0142o nam \u017cy\u0107, z jak\u0105 \u015bwiadomo\u015bci\u0105 musimy si\u0119 budzi\u0107, my kobiety, \u017ce rz\u0105dz\u0105 nami bezm\u00f3zgowe, odcz\u0142owieczone pacany, kt\u00f3re nigdy nie powinny doj\u015b\u0107 do w\u0142adzy. Ka\u017cdy z nich, szczeg\u00f3lnie ten zasiadaj\u0105cy w \u0142awach trybuna\u0142u powinien dosta\u0107 pod opiek\u0119 niepe\u0142nosprawne dziecko, chocia\u017cby na miesi\u0105c. Ale nie z pensyjk\u0105 trybunalsk\u0105, a zapomog\u0105 od pa\u0144stwa. Niech poczuje jak to jest, cho\u0107 przez chwil\u0119, niech postawi si\u0119 w butach cho\u0107 jednego obywatela, a nie realizuje swoje \u015bwiat\u0142e pogl\u0105dy pa\u0144stwa chrze\u015bcija\u0144skiego. Niezale\u017cnie kim jeste\u015b debilu z trybuna\u0142u, wstyd\u017a si\u0119, \u017ce nie u\u017cywasz m\u00f3zgu i jeste\u015b tak samo sterowalny jak nasz beznadziejny prezydent pisior! Karma wraca, B\u00f3g nie rychliwy, a sprawiedliwy! I nie wycieraj sobie g\u0119by Bogiem, \u017ce chronisz ludzkie \u017cycie! Nie masz poj\u0119cia co to B\u00f3g, co to wiara, a napewno nie wiesz co to znaczy mie\u0107 niepe\u0142nosprawne dziecko! We mnie wrze, miks emocji, z\u0142o\u015b\u0107, wstyd, agresja, kobiety, \u0142\u0105czmy si\u0119, zjednoczmy, musimy dzia\u0142a\u0107, bo za chwil\u0119 damy przyzwolenie na przemoc! Zr\u00f3bmy co\u015b! A mo\u017ce zrobimy program w telewizji publicznej, w stylu &#8222;damy i wie\u015bniaczki&#8221;, tylko zdrowi i niepe\u0142nosprawni! Dla wszystkich \u015bwi\u0119tojebliwych debili! Oby Wasze dzieci, wnuki dozna\u0142y tego co wczoraj zrobili\u015bcie!<\/p>\n","protected":false},"author":1,"featured_media":135,"comment_status":"open","ping_status":"closed","sticky":false,"template":"","format":"standard","meta":{"footnotes":""},"categories":[6],"tags":[],"class_list":["post-134","post","type-post","status-publish","format-standard","has-post-thumbnail","hentry","category-z-zycia-wziete"],"_links":{"self":[{"href":"https:\/\/mapakobiety.pl\/index.php\/wp-json\/wp\/v2\/posts\/134","targetHints":{"allow":["GET"]}}],"collection":[{"href":"https:\/\/mapakobiety.pl\/index.php\/wp-json\/wp\/v2\/posts"}],"about":[{"href":"https:\/\/mapakobiety.pl\/index.php\/wp-json\/wp\/v2\/types\/post"}],"author":[{"embeddable":true,"href":"https:\/\/mapakobiety.pl\/index.php\/wp-json\/wp\/v2\/users\/1"}],"replies":[{"embeddable":true,"href":"https:\/\/mapakobiety.pl\/index.php\/wp-json\/wp\/v2\/comments?post=134"}],"version-history":[{"count":3,"href":"https:\/\/mapakobiety.pl\/index.php\/wp-json\/wp\/v2\/posts\/134\/revisions"}],"predecessor-version":[{"id":138,"href":"https:\/\/mapakobiety.pl\/index.php\/wp-json\/wp\/v2\/posts\/134\/revisions\/138"}],"wp:featuredmedia":[{"embeddable":true,"href":"https:\/\/mapakobiety.pl\/index.php\/wp-json\/wp\/v2\/media\/135"}],"wp:attachment":[{"href":"https:\/\/mapakobiety.pl\/index.php\/wp-json\/wp\/v2\/media?parent=134"}],"wp:term":[{"taxonomy":"category","embeddable":true,"href":"https:\/\/mapakobiety.pl\/index.php\/wp-json\/wp\/v2\/categories?post=134"},{"taxonomy":"post_tag","embeddable":true,"href":"https:\/\/mapakobiety.pl\/index.php\/wp-json\/wp\/v2\/tags?post=134"}],"curies":[{"name":"wp","href":"https:\/\/api.w.org\/{rel}","templated":true}]}}